{"id":1320,"date":"2015-07-20T21:54:26","date_gmt":"2015-07-20T20:54:26","guid":{"rendered":"http:\/\/www.janviktorin.com\/?p=1320"},"modified":"2015-07-21T18:08:52","modified_gmt":"2015-07-21T17:08:52","slug":"vanocni-brno-a-fotky-ze-zasnezeneho-tirolska","status":"publish","type":"post","link":"https:\/\/www.janviktorin.com\/en\/vanocni-brno-a-fotky-ze-zasnezeneho-tirolska\/","title":{"rendered":"V\u00e1no\u010dn\u00ed Brno a Fotky ze zasn\u011b\u017een\u00e9ho Tirolska"},"content":{"rendered":"<p>Po del\u0161\u00ed dob\u011b je \u010das na nov\u00e9 fotky. O V\u00e1noc\u00edch jsem se byl pod\u00edvat jak to vypad\u00e1 ve m\u011bst\u011b a samoz\u0159ejm\u011b jsem s sebou m\u011bl fo\u0165\u00e1k. V galerii \u010cesko tedy najdete p\u00e1r fotek v\u00e1no\u010dn\u00edho Brna.<\/p>\n<p>M\u011bl jsem tuto zimu mo\u017enost n\u011bkolikr\u00e1t vyjet do rakousk\u00e9ho Tirolska. Prim\u00e1rn\u00edm c\u00edlem bylo ly\u017eov\u00e1n\u00ed, ale byla by \u0161koda tu kr\u00e1su nefotografovat, tak\u017ee jsem samoz\u0159ejm\u011b p\u0159ivezl zp\u011bt krom\u011b bolav\u00fdch nohou i spoustu fotek. Sn\u011bhu bylo letos neuv\u011b\u0159iteln\u00e9 mno\u017estv\u00ed a d\u00edky n\u00edzk\u00fdm teplot\u00e1m p\u0159ib\u00fdval dal\u0161\u00ed a dal\u0161\u00ed. Hory tak dostaly p\u0159\u00edmo &#8220;ladovsk\u00fd&#8221; n\u00e1dech. N\u011bkolik fotografi\u00ed t\u00e9 zimn\u00ed kr\u00e1sy najdete v galerii Tirolsko.<\/p>\n","protected":false},"excerpt":{"rendered":"<p>Po del\u0161\u00ed dob\u011b je \u010das na nov\u00e9 fotky. O V\u00e1noc\u00edch jsem se byl pod\u00edvat jak to vypad\u00e1 ve m\u011bst\u011b a samoz\u0159ejm\u011b jsem s sebou m\u011bl fo\u0165\u00e1k. V galerii \u010cesko tedy najdete p\u00e1r fotek v\u00e1no\u010dn\u00edho Brna. M\u011bl jsem tuto zimu mo\u017enost n\u011bkolikr\u00e1t vyjet do rakousk\u00e9ho Tirolska. Prim\u00e1rn\u00edm c\u00edlem bylo ly\u017eov\u00e1n\u00ed, ale byla by \u0161koda tu kr\u00e1su&#8230; <span class=\"more\"><a class=\"more-link\" href=\"https:\/\/www.janviktorin.com\/en\/vanocni-brno-a-fotky-ze-zasnezeneho-tirolska\/\">Read More<\/a><\/span><\/p>\n","protected":false},"author":1,"featured_media":1427,"comment_status":"open","ping_status":"open","sticky":false,"template":"","format":"standard","meta":{"_exactmetrics_skip_tracking":false,"_exactmetrics_sitenote_active":false,"_exactmetrics_sitenote_note":"","_exactmetrics_sitenote_category":0,"footnotes":""},"categories":[41],"tags":[],"class_list":["post-1320","post","type-post","status-publish","format-standard","has-post-thumbnail","hentry","category-aktualizace"],"translation":{"provider":"WPGlobus","version":"3.0.1","language":"en","enabled_languages":["cs","en"],"languages":{"cs":{"title":true,"content":true,"excerpt":false},"en":{"title":false,"content":false,"excerpt":false}}},"_links":{"self":[{"href":"https:\/\/www.janviktorin.com\/en\/wp-json\/wp\/v2\/posts\/1320","targetHints":{"allow":["GET"]}}],"collection":[{"href":"https:\/\/www.janviktorin.com\/en\/wp-json\/wp\/v2\/posts"}],"about":[{"href":"https:\/\/www.janviktorin.com\/en\/wp-json\/wp\/v2\/types\/post"}],"author":[{"embeddable":true,"href":"https:\/\/www.janviktorin.com\/en\/wp-json\/wp\/v2\/users\/1"}],"replies":[{"embeddable":true,"href":"https:\/\/www.janviktorin.com\/en\/wp-json\/wp\/v2\/comments?post=1320"}],"version-history":[{"count":0,"href":"https:\/\/www.janviktorin.com\/en\/wp-json\/wp\/v2\/posts\/1320\/revisions"}],"wp:featuredmedia":[{"embeddable":true,"href":"https:\/\/www.janviktorin.com\/en\/wp-json\/wp\/v2\/media\/1427"}],"wp:attachment":[{"href":"https:\/\/www.janviktorin.com\/en\/wp-json\/wp\/v2\/media?parent=1320"}],"wp:term":[{"taxonomy":"category","embeddable":true,"href":"https:\/\/www.janviktorin.com\/en\/wp-json\/wp\/v2\/categories?post=1320"},{"taxonomy":"post_tag","embeddable":true,"href":"https:\/\/www.janviktorin.com\/en\/wp-json\/wp\/v2\/tags?post=1320"}],"curies":[{"name":"wp","href":"https:\/\/api.w.org\/{rel}","templated":true}]}}