{"id":1322,"date":"2015-07-20T21:54:43","date_gmt":"2015-07-20T20:54:43","guid":{"rendered":"http:\/\/www.janviktorin.com\/?p=1322"},"modified":"2015-07-21T18:08:01","modified_gmt":"2015-07-21T17:08:01","slug":"fotky-z-fotoexpedice-do-norska","status":"publish","type":"post","link":"https:\/\/www.janviktorin.com\/en\/fotky-z-fotoexpedice-do-norska\/","title":{"rendered":"Fotky z fotoexpedice do Norska"},"content":{"rendered":"<p>Prvn\u00edch 8 dn\u00ed v B\u0159eznu jsme spolu s &#8220;fotop\u0159\u00edtelem&#8221; podnikli v\u00fdpravu do Norska za pol\u00e1rn\u00ed z\u00e1\u0159\u00ed, n\u00e1dhernou drsnou krajinou a dlouh\u00fdmi v\u00fdchody a z\u00e1pady slunce. Fotky z t\u00e9to v\u00fdpravy si m\u016f\u017eete prohl\u00e9dnout v galerii Norsko<\/p>\n<p>Cestovali jsme p\u016fj\u010den\u00fdm autem daleko za pol\u00e1rn\u00edm kruhem od m\u011bsta Tromso a\u017e na sam\u00fd konec ostrov\u016f Lofoten a zp\u011bt. Norsko n\u00e1m p\u0159ipravilo \u00fa\u017easnou pod\u00edvanou, za\u017eili jsme \u00fa\u017easn\u00e9 z\u00e1pady slunce, no\u010dn\u00ed oblohu proz\u00e1\u0159enou pol\u00e1rn\u00ed z\u00e1\u0159\u00ed a pohledy na neuv\u011b\u0159iteln\u00e9 tvary Lofot. Kdy\u017e jsme po t\u00fddnu narazili na st\u00e1do sob\u016f, kte\u0159\u00ed n\u00e1s po chv\u00edli seznamov\u00e1n\u00ed &#8220;p\u0159ijali do rodiny&#8221;, v\u011bd\u011bli jsme, \u017ee jsme za\u017eili n\u011bco skv\u011bl\u00e9ho. V\u011b\u0159\u00edm, \u017ee si fotky z Norska u\u017eijete tak jako jsem si u\u017eil jejich tvorbu.<\/p>\n<p>Pro technicky orientovan\u00e9 &#8211; v\u0161echny fotky byly foceny fotoapar\u00e1tem Canon 7D, denn\u00ed fotky ve v\u011bt\u0161in\u011b p\u0159\u00edpad\u016f objektivy Sigma 10-20mm f\/4 a Canon EF 35mm f\/2. N\u011bkolik fotek bylo po\u0159\u00edzeno pomoc\u00ed Canonu 70-200mm f\/4 a 50mm f\/1.8. No\u010dn\u00ed sn\u00edmky jsou focen\u00e9 Samyangem 14mm f\/2.8 (mimochodem opravdu skv\u011bl\u00e9 sklo)<\/p>\n<p>V\u011bt\u0161inu z fotek je mo\u017en\u00e9 zakoupit jako n\u00e1st\u011bnn\u00e9 obrazy ve velikostech od p\u0159ibli\u017en\u011b A4 po A1. Ceny jsou v rozmez\u00ed 1200 &#8211; 4000k\u010d a je v nich zahrnut tisk, laminace a r\u00e1m Nielsen. Tisk je prov\u00e1d\u011bn na perli\u010dkov\u00fd pap\u00edr (p\u0159ipom\u00edn\u00e1 pololesk) a laminace je prov\u00e1d\u011bna um\u011bl\u00fdm pl\u00e1tnem. M\u00e1te-li z\u00e1jem n\u011bkterou fotku zakoupit, pros\u00edm kontaktujte m\u011b na email jsem@vikisek.com. Sta\u010d\u00ed uv\u00e9st \u010d\u00edslo z n\u00e1zvu fotky.<\/p>\n<h3><a href=\"http:\/\/www.janviktorin.com\/portfolio\/norsko\/\">Galerie fotografi\u00ed z Norska<\/a><\/h3>\n","protected":false},"excerpt":{"rendered":"<p>Prvn\u00edch 8 dn\u00ed v B\u0159eznu jsme spolu s &#8220;fotop\u0159\u00edtelem&#8221; podnikli v\u00fdpravu do Norska za pol\u00e1rn\u00ed z\u00e1\u0159\u00ed, n\u00e1dhernou drsnou krajinou a dlouh\u00fdmi v\u00fdchody a z\u00e1pady slunce. Fotky z t\u00e9to v\u00fdpravy si m\u016f\u017eete prohl\u00e9dnout v galerii Norsko Cestovali jsme p\u016fj\u010den\u00fdm autem daleko za pol\u00e1rn\u00edm kruhem od m\u011bsta Tromso a\u017e na sam\u00fd konec ostrov\u016f Lofoten a zp\u011bt. Norsko&#8230; <span class=\"more\"><a class=\"more-link\" href=\"https:\/\/www.janviktorin.com\/en\/fotky-z-fotoexpedice-do-norska\/\">Read More<\/a><\/span><\/p>\n","protected":false},"author":1,"featured_media":1573,"comment_status":"open","ping_status":"open","sticky":false,"template":"","format":"standard","meta":{"_exactmetrics_skip_tracking":false,"_exactmetrics_sitenote_active":false,"_exactmetrics_sitenote_note":"","_exactmetrics_sitenote_category":0,"footnotes":""},"categories":[41],"tags":[],"class_list":["post-1322","post","type-post","status-publish","format-standard","has-post-thumbnail","hentry","category-aktualizace"],"translation":{"provider":"WPGlobus","version":"3.0.1","language":"en","enabled_languages":["cs","en"],"languages":{"cs":{"title":true,"content":true,"excerpt":false},"en":{"title":false,"content":false,"excerpt":false}}},"_links":{"self":[{"href":"https:\/\/www.janviktorin.com\/en\/wp-json\/wp\/v2\/posts\/1322","targetHints":{"allow":["GET"]}}],"collection":[{"href":"https:\/\/www.janviktorin.com\/en\/wp-json\/wp\/v2\/posts"}],"about":[{"href":"https:\/\/www.janviktorin.com\/en\/wp-json\/wp\/v2\/types\/post"}],"author":[{"embeddable":true,"href":"https:\/\/www.janviktorin.com\/en\/wp-json\/wp\/v2\/users\/1"}],"replies":[{"embeddable":true,"href":"https:\/\/www.janviktorin.com\/en\/wp-json\/wp\/v2\/comments?post=1322"}],"version-history":[{"count":0,"href":"https:\/\/www.janviktorin.com\/en\/wp-json\/wp\/v2\/posts\/1322\/revisions"}],"wp:featuredmedia":[{"embeddable":true,"href":"https:\/\/www.janviktorin.com\/en\/wp-json\/wp\/v2\/media\/1573"}],"wp:attachment":[{"href":"https:\/\/www.janviktorin.com\/en\/wp-json\/wp\/v2\/media?parent=1322"}],"wp:term":[{"taxonomy":"category","embeddable":true,"href":"https:\/\/www.janviktorin.com\/en\/wp-json\/wp\/v2\/categories?post=1322"},{"taxonomy":"post_tag","embeddable":true,"href":"https:\/\/www.janviktorin.com\/en\/wp-json\/wp\/v2\/tags?post=1322"}],"curies":[{"name":"wp","href":"https:\/\/api.w.org\/{rel}","templated":true}]}}