{"id":1338,"date":"2015-07-20T21:57:03","date_gmt":"2015-07-20T20:57:03","guid":{"rendered":"http:\/\/www.janviktorin.com\/?p=1338"},"modified":"2015-07-21T17:39:48","modified_gmt":"2015-07-21T16:39:48","slug":"nove-fotografie-z-korsiky","status":"publish","type":"post","link":"https:\/\/www.janviktorin.com\/en\/nove-fotografie-z-korsiky\/","title":{"rendered":"Nov\u00e9 fotografie z Korsiky!"},"content":{"rendered":"<p>Na p\u0159elomu dubna a kv\u011btna jsme pod veden\u00edm Ji\u0159\u00edho Str\u00e1nsk\u00e9ho nav\u0161t\u00edvili Korsiku. Po\u010das\u00ed n\u00e1m p\u0159\u00e1lo, a tak jsme mohli po\u0159\u00eddit spoustu zaj\u00edmav\u00fdch z\u00e1b\u011br\u016f zdej\u0161\u00ed \u00fachvatn\u00e9 krajiny. Projeli jsme t\u00e9m\u011b\u0159 cel\u00fd ostrov a i kdy\u017e z vnitrozem\u00ed fotek moc nem\u00e1me &#8211; mlha a bou\u0159ky n\u00e1s vyhnaly zp\u011bt na pob\u0159e\u017e\u00ed &#8211; p\u0159ijeli jsme nad\u0161en\u00ed t\u00edm, co m\u00e1 Korsika k p\u0159edveden\u00ed. Kontrasty zdej\u0161\u00ed krajiny jsou neuv\u011b\u0159iteln\u00e9 a nab\u00edzej\u00ed unik\u00e1tn\u00ed pod\u00edvanou. V\u011b\u0159\u00edm, \u017ee t\u011bch n\u011bkolik fotografi\u00ed, kter\u00e9 zde z Korsiky vystavuji, v\u00e1m tuto kr\u00e1su p\u0159ibl\u00ed\u017e\u00ed.<\/p>\n<h3><a href=\"http:\/\/www.janviktorin.com\/portfolio\/korsika\/\">Galerie fotografi\u00ed z Korsiky<\/a><\/h3>\n","protected":false},"excerpt":{"rendered":"<p>Na p\u0159elomu dubna a kv\u011btna jsme pod veden\u00edm Ji\u0159\u00edho Str\u00e1nsk\u00e9ho nav\u0161t\u00edvili Korsiku. Po\u010das\u00ed n\u00e1m p\u0159\u00e1lo, a tak jsme mohli po\u0159\u00eddit spoustu zaj\u00edmav\u00fdch z\u00e1b\u011br\u016f zdej\u0161\u00ed \u00fachvatn\u00e9 krajiny. Projeli jsme t\u00e9m\u011b\u0159 cel\u00fd ostrov a i kdy\u017e z vnitrozem\u00ed fotek moc nem\u00e1me &#8211; mlha a bou\u0159ky n\u00e1s vyhnaly zp\u011bt na pob\u0159e\u017e\u00ed &#8211; p\u0159ijeli jsme nad\u0161en\u00ed t\u00edm, co m\u00e1&#8230; <span class=\"more\"><a class=\"more-link\" href=\"https:\/\/www.janviktorin.com\/en\/nove-fotografie-z-korsiky\/\">Read More<\/a><\/span><\/p>\n","protected":false},"author":1,"featured_media":1522,"comment_status":"open","ping_status":"open","sticky":false,"template":"","format":"standard","meta":{"_exactmetrics_skip_tracking":false,"_exactmetrics_sitenote_active":false,"_exactmetrics_sitenote_note":"","_exactmetrics_sitenote_category":0,"footnotes":""},"categories":[41],"tags":[],"class_list":["post-1338","post","type-post","status-publish","format-standard","has-post-thumbnail","hentry","category-aktualizace"],"translation":{"provider":"WPGlobus","version":"3.0.1","language":"en","enabled_languages":["cs","en"],"languages":{"cs":{"title":true,"content":true,"excerpt":false},"en":{"title":false,"content":false,"excerpt":false}}},"_links":{"self":[{"href":"https:\/\/www.janviktorin.com\/en\/wp-json\/wp\/v2\/posts\/1338","targetHints":{"allow":["GET"]}}],"collection":[{"href":"https:\/\/www.janviktorin.com\/en\/wp-json\/wp\/v2\/posts"}],"about":[{"href":"https:\/\/www.janviktorin.com\/en\/wp-json\/wp\/v2\/types\/post"}],"author":[{"embeddable":true,"href":"https:\/\/www.janviktorin.com\/en\/wp-json\/wp\/v2\/users\/1"}],"replies":[{"embeddable":true,"href":"https:\/\/www.janviktorin.com\/en\/wp-json\/wp\/v2\/comments?post=1338"}],"version-history":[{"count":0,"href":"https:\/\/www.janviktorin.com\/en\/wp-json\/wp\/v2\/posts\/1338\/revisions"}],"wp:featuredmedia":[{"embeddable":true,"href":"https:\/\/www.janviktorin.com\/en\/wp-json\/wp\/v2\/media\/1522"}],"wp:attachment":[{"href":"https:\/\/www.janviktorin.com\/en\/wp-json\/wp\/v2\/media?parent=1338"}],"wp:term":[{"taxonomy":"category","embeddable":true,"href":"https:\/\/www.janviktorin.com\/en\/wp-json\/wp\/v2\/categories?post=1338"},{"taxonomy":"post_tag","embeddable":true,"href":"https:\/\/www.janviktorin.com\/en\/wp-json\/wp\/v2\/tags?post=1338"}],"curies":[{"name":"wp","href":"https:\/\/api.w.org\/{rel}","templated":true}]}}